{"id":4985,"date":"2021-01-05T14:40:14","date_gmt":"2021-01-05T19:40:14","guid":{"rendered":"https:\/\/www.april-fortier.com\/?p=4985"},"modified":"2024-11-11T22:54:02","modified_gmt":"2024-11-11T22:54:02","slug":"randonnees-de-reve-au-costa-rica","status":"publish","type":"post","link":"https:\/\/www.april-fortier.com\/blog\/blogue\/randonnees-de-reve-au-costa-rica\/","title":{"rendered":"Randonn\u00e9es de r\u00eave au Costa Rica"},"content":{"rendered":"<p>Surnomm\u00e9 la Suisse de l\u2019Am\u00e9rique Centrale, le Costa Rica est un paradis naturel pour d\u00e9couvrir une nature intacte et majestueuse.\u00a0 Entre for\u00eats tropicales, montagnes, volcans et plages, le pays offre une diversit\u00e9 de paysages naturels tout \u00e0 fait \u00e9tonnante pour un pays de cette petite taille. Le Costa Rica figure au nombre des 20 pays les plus riches en biodiversit\u00e9 de par la densit\u00e9 d&rsquo;esp\u00e8ces qu\u2019il abrite. Ses ressources naturelles y sont prot\u00e9g\u00e9es par un important syst\u00e8me de parcs nationaux et de r\u00e9serves foresti\u00e8re, ce qui en fait une destination de choix pour le tourisme d\u2019aventure.<\/p>\n<p>Le Costa Rica baigne dans un climat tropical marqu\u00e9 par deux saisons bien distinctes : l&rsquo;\u00e9t\u00e9 d&rsquo;un c\u00f4t\u00e9 et la saison des pluies de l&rsquo;autre. La saison s\u00e8che, qui constitue la meilleure p\u00e9riode pour visiter le pays, s\u2019\u00e9tend de d\u00e9cembre \u00e0 avril alors que la saison humide, et donc plus pluvieuse, s\u2019\u00e9tend de mai \u00e0 novembre. Plusieurs compagnies a\u00e9riennes offrent des vols directs au d\u00e9part de Montr\u00e9al vers la capitale du pays, San Jose et Lib\u00e9ria, une ville situ\u00e9e au Nord du pays.<\/p>\n<p>Que ce soit dans la for\u00eat nuageuse de San Gerardo de Dota, sur les plages du Corcovado, pr\u00e8s des cascades ou sur les flancs des volcans Arenal et Rinc\u00f3n de la Vieja, la marche reste le meilleur moyen pour observer la faune et la flore, y compris avec des enfants! Un voyage m\u00e9morable pour prendre le temps d\u2019observer et \u00e9couter la nature, la vraie!<\/p>\n<p>Voici une suggestion d\u2019itin\u00e9raire propos\u00e9 dans le <strong>guide Ulysse<\/strong> <a href=\"https:\/\/www.guidesulysse.com\/catalogue\/Randonnees-de-reve-50-itineraires-autour-du-monde-Itineraires-de-reve-Ulysse,9782894646533,produit.html\" target=\"_blank\" rel=\"noopener\">Randonn\u00e9es de r\u00eave \u2013 50 itin\u00e9raires de r\u00eave autour du monde<\/a> qui vous fera d\u00e9couvrir l\u2019incroyable diversit\u00e9 des paysages du Costa Rica.<\/p>\n<p>&nbsp;<\/p>\n<h3>Jours 1 et 2<\/h3>\n<h2><strong>San Jos\u00e9\u202f\u2013 Arenal\u202f<\/strong><\/h2>\n<p><a href=\"https:\/\/www.april-fortier.com\/wp-content\/uploads\/2019\/06\/Aernal.jpg\"><img loading=\"lazy\" decoding=\"async\" class=\"alignnone wp-image-4988 size-full\" src=\"https:\/\/www.april-fortier.com\/wp-content\/uploads\/2019\/06\/Aernal.jpg\" alt=\"\" width=\"1100\" height=\"300\" \/><\/a><\/p>\n<p>D\u00e9butez par une visite de la capitale pour d\u00e9couvrir l\u2019histoire de ce petit pays pacifique. Puis, prenez la direction du mythique Arenal (1\u202f600 m), volcan au c\u00f4ne parfait, sur une route qui serpente \u00e0 travers les plantations de caf\u00e9 : l\u2019occasion d\u2019une visite pour tout comprendre de la plante \u00e0 l\u2019origine de la fameuse boisson. Sur la montagne, le paysage a \u00e9t\u00e9 sculpt\u00e9 par l\u2019activit\u00e9 volcanique et quelques fumerolles subsistent. Au c\u0153ur d\u2019une for\u00eat primaire luxuriante, les bassins naturels d\u2019eau thermale invitent \u00e0 la d\u00e9tente, tandis que d\u2019autres pr\u00e9f\u00e9reront la fra\u00eecheur des rivi\u00e8res et cascades.<\/p>\n<p>&nbsp;<\/p>\n<h3>Jours 3 et 4<\/h3>\n<h2><strong>Arenal\u202f\u2013 Parque Nacional del Volc\u00e1n Tenorio\u202f\u2013 Rinc\u00f3n de la Vieja\u202f<\/strong><\/h2>\n<p><a href=\"https:\/\/www.april-fortier.com\/wp-content\/uploads\/2019\/06\/Waterfall-Costa-Rica.jpg\"><img loading=\"lazy\" decoding=\"async\" class=\"alignnone size-full wp-image-5000\" src=\"https:\/\/www.april-fortier.com\/wp-content\/uploads\/2019\/06\/Waterfall-Costa-Rica.jpg\" alt=\"\" width=\"1100\" height=\"300\" \/><\/a><\/p>\n<p>Travers\u00e9e en bus de la r\u00e9gion d\u2019Upala dans le nord du pays, entre les volcans Miravalles et Tenorio. Dans le Parque Nacional del Volc\u00e1n Tenorio, une belle randonn\u00e9e vous attend dans l\u2019ambiance turquoise de la rivi\u00e8re Celeste et la for\u00eat \u00e9meraude qu\u2019elle sillonne. Rejoignez ensuite votre hacienda situ\u00e9e en pleine nature, non loin du volcan Rinc\u00f3n de la Vieja. Partez \u00e0 la d\u00e9couverte des ph\u00e9nom\u00e8nes volcaniques et des cascades cach\u00e9es sur les versants du volcan : vous verrez de tr\u00e8s pr\u00e8s les pailas, sortes de geysers d\u2019o\u00f9 jaillit en pleine nature de l\u2019argile \u00e0 plus de 106 degr\u00e9s. Pour les amateurs, le bain d\u2019argile est d\u2019ailleurs riche en oligo-\u00e9l\u00e9ments!<\/p>\n<p>&nbsp;<\/p>\n<h3>Jour 5<\/h3>\n<h2><strong>Rinc\u00f3n de la Vieja\u202f\u2013 Parque Nacional Palo Verde\u202f\u2013 Tarcoles<\/strong><\/h2>\n<p><strong><a href=\"https:\/\/www.april-fortier.com\/wp-content\/uploads\/2019\/06\/Croc.jpg\"><img loading=\"lazy\" decoding=\"async\" class=\"alignnone wp-image-4994 size-full\" src=\"https:\/\/www.april-fortier.com\/wp-content\/uploads\/2019\/06\/Croc.jpg\" alt=\"\" width=\"1100\" height=\"300\" \/><\/a>\u202f<\/strong><\/p>\n<p>Vous longez d\u00e9sormais la c\u00f4te Pacifique. Apr\u00e8s Liberia, ne manquez pas un arr\u00eat \u00e0 la cascade Llanos de Cortes, situ\u00e9e sur le R\u00edo Potrero. Les droits d\u2019entr\u00e9e servent \u00e0 soutenir les projets de l\u2019\u00e9cole locale. Puis au Parque Nacional Palo Verde, montez \u00e0 bord d\u2019un bateau pour observer la mangrove, les mar\u00e9cages et les animaux qui les peuplent : oiseaux, singes hurleurs, iguanes verts et m\u00eame crocodiles!<\/p>\n<p>&nbsp;<\/p>\n<h3>Jours 6 et 7<\/h3>\n<h2><strong>Tarcoles\u202f\u2013 Parque Nacional Manuel Antonio\u202f\u2013 Parque Nacional Corcovado\u202f<\/strong><\/h2>\n<p><a href=\"https:\/\/www.april-fortier.com\/wp-content\/uploads\/2019\/06\/paresseux.jpg\"><img loading=\"lazy\" decoding=\"async\" class=\"alignnone wp-image-4996 size-full\" src=\"https:\/\/www.april-fortier.com\/wp-content\/uploads\/2019\/06\/paresseux.jpg\" alt=\"\" width=\"1100\" height=\"300\" \/><\/a><\/p>\n<p>Le Parque Nacional Manuel Antonio est le royaume des singes. Dans un m\u00e9lange de for\u00eat tropicale s\u00e8che et humide, observez les singes capucins \u00e0 face blanche, les singes hurleurs, les coatis, les agoutis et les paresseux. Attention \u00e0 vos effets personnels, les singes capucins s\u2019amusent \u00e0 d\u00e9rober les biens des visiteurs! Entre mangrove et Pacifique, le fameux Parque Nacional Corcovado, \u00ab l\u2019endroit le plus biologiquement intense sur terre \u00bb selon le National Geographic, d\u00e9voile sa m\u00e9lodie du bonheur.<\/p>\n<p>&nbsp;<\/p>\n<h3>Jours 8 et 9<\/h3>\n<h2><strong>Parque Nacional Corcovado\u202f<\/strong><\/h2>\n<p>Les cris et les chants d\u2019animaux accompagneront votre r\u00e9veil matinal. C\u2019est l\u2019heure d\u2019aller explorer le vaste r\u00e9seau de sentiers qui sillonne le parc jusqu\u2019\u00e0 ses coins les plus recul\u00e9s. Vous randonnez au c\u0153ur de la for\u00eat tropicale humide, sous l\u2019envol des aras rouges, dans un spectacle de couleurs vives et de sons rauques. \u00c0 l\u2019aff\u00fbt du moindre bruit et du moindre mouvement, peut-\u00eatre aurez-vous la chance d\u2019apercevoir un jaguar. Le lendemain, offrez-vous une plong\u00e9e parmi les poissons tropicaux, les tortues marines et les coraux multicolores dans les eaux d\u2019Isla del Ca\u00f1o.<\/p>\n<p>&nbsp;<\/p>\n<h3>Jour 10<\/h3>\n<h2><strong>Parque Nacional Corcovado\u202f\u2013 San Gerardo de Dota\u202f<\/strong><\/h2>\n<p>Route vers le nord pour une randonn\u00e9e vers la sublime cascade de Nauyaca, dans la r\u00e9gion de Dominical. Au parc de Palmar Sur, observez les myst\u00e9rieuses sph\u00e8res taill\u00e9es dans la pierre qui font sa r\u00e9putation. Puis vous atteindrez votre destination du jour, la for\u00eat nuageuse de San Gerardo de Dota. Le quetzal s\u2019y cache : la meilleure p\u00e9riode pour l\u2019apercevoir est de janvier \u00e0 juin.<\/p>\n<p>&nbsp;<\/p>\n<h3>Jour 11<\/h3>\n<h2><strong>San Gerardo de Dota\u202f\u2013 San Jos\u00e9<\/strong><\/h2>\n<p>San Gerardo de Dota est blotti au fond d\u2019une bucolique vall\u00e9e encaiss\u00e9e o\u00f9 serpente une rivi\u00e8re entour\u00e9e d\u2019une belle for\u00eat et de verts p\u00e2turages. Au sommet de la vall\u00e9e (3\u202f450\u202fm), vous flottez au-dessus de la canop\u00e9e, prisonni\u00e8re des nuages de la for\u00eat brumeuse. La nature a su s\u2019adapter : les grands arbres touffus s\u2019\u00e9l\u00e8vent vers le ciel tandis que les lichens donnent parfois, la brume aidant, l\u2019impression de se retrouver dans une brousse myst\u00e9rieuse.<\/p>\n<p>&nbsp;<\/p>\n<p><a href=\"https:\/\/www.april-fortier.com\/wp-content\/uploads\/2019\/06\/Ocean.jpg\"><img loading=\"lazy\" decoding=\"async\" class=\"alignnone size-full wp-image-4990\" src=\"https:\/\/www.april-fortier.com\/wp-content\/uploads\/2019\/06\/Ocean.jpg\" alt=\"\" width=\"1100\" height=\"300\" \/><\/a><\/p>\n<p>&nbsp;<\/p>\n<p>Merveilleux jardin tropical blotti entre Cara\u00efbes et Pacifique, le Costa Rica n\u2019en finit pas de nous d\u00e9voiler ses richesses naturelles.<\/p>\n<p>&nbsp;<\/p>\n<p><a href=\"https:\/\/www.guidesulysse.com\/catalogue\/Randonnees-de-reve-50-itineraires-autour-du-monde-Itineraires-de-reve-Ulysse,9782894646533,produit.html\" target=\"_blank\" rel=\"noopener\"><img loading=\"lazy\" decoding=\"async\" class=\"size-medium wp-image-4998 aligncenter\" src=\"https:\/\/www.april-fortier.com\/wp-content\/uploads\/2019\/06\/9782894646533-252x300.jpg\" alt=\"\" width=\"252\" height=\"300\" \/><\/a><\/p>\n<p>Cet itin\u00e9raire tir\u00e9 du guide Ulysse <a href=\"https:\/\/www.guidesulysse.com\/catalogue\/Randonnees-de-reve-50-itineraires-autour-du-monde-Itineraires-de-reve-Ulysse,9782894646533,produit.html\" target=\"_blank\" rel=\"noopener\"><strong>Randonn\u00e9es de r\u00eave \u2013 50 itin\u00e9raires de r\u00eave autour du monde <\/strong><\/a>a \u00e9t\u00e9 \u00e9labor\u00e9 par un collectif d\u2019auteurs Ulysse et Terres d\u2019Aventure<\/p>\n","protected":false},"excerpt":{"rendered":"<p>Surnomm\u00e9 la Suisse de l\u2019Am\u00e9rique Centrale, le Costa Rica est un paradis naturel pour d\u00e9couvrir une nature intacte et majestueuse.\u00a0 Entre for\u00eats tropicales, montagnes, volcans et plages, le pays offre une diversit\u00e9 de paysages naturels tout \u00e0 fait \u00e9tonnante pour un pays de cette petite taille. Le Costa Rica figure au nombre des 20 pays [&hellip;]<\/p>\n","protected":false},"author":5,"featured_media":8058,"comment_status":"closed","ping_status":"closed","sticky":false,"template":"","format":"standard","meta":{"_et_pb_use_builder":"","_et_pb_old_content":"","_et_gb_content_width":"","footnotes":""},"categories":[2],"tags":[],"class_list":["post-4985","post","type-post","status-publish","format-standard","has-post-thumbnail","hentry","category-blogue"],"_links":{"self":[{"href":"https:\/\/www.april-fortier.com\/blog\/wp-json\/wp\/v2\/posts\/4985"}],"collection":[{"href":"https:\/\/www.april-fortier.com\/blog\/wp-json\/wp\/v2\/posts"}],"about":[{"href":"https:\/\/www.april-fortier.com\/blog\/wp-json\/wp\/v2\/types\/post"}],"author":[{"embeddable":true,"href":"https:\/\/www.april-fortier.com\/blog\/wp-json\/wp\/v2\/users\/5"}],"replies":[{"embeddable":true,"href":"https:\/\/www.april-fortier.com\/blog\/wp-json\/wp\/v2\/comments?post=4985"}],"version-history":[{"count":1,"href":"https:\/\/www.april-fortier.com\/blog\/wp-json\/wp\/v2\/posts\/4985\/revisions"}],"predecessor-version":[{"id":8060,"href":"https:\/\/www.april-fortier.com\/blog\/wp-json\/wp\/v2\/posts\/4985\/revisions\/8060"}],"wp:featuredmedia":[{"embeddable":true,"href":"https:\/\/www.april-fortier.com\/blog\/wp-json\/wp\/v2\/media\/8058"}],"wp:attachment":[{"href":"https:\/\/www.april-fortier.com\/blog\/wp-json\/wp\/v2\/media?parent=4985"}],"wp:term":[{"taxonomy":"category","embeddable":true,"href":"https:\/\/www.april-fortier.com\/blog\/wp-json\/wp\/v2\/categories?post=4985"},{"taxonomy":"post_tag","embeddable":true,"href":"https:\/\/www.april-fortier.com\/blog\/wp-json\/wp\/v2\/tags?post=4985"}],"curies":[{"name":"wp","href":"https:\/\/api.w.org\/{rel}","templated":true}]}}